{"id":12025,"date":"2012-08-24T14:36:31","date_gmt":"2012-08-24T18:36:31","guid":{"rendered":"http:\/\/www.tedpublications.com\/fr\/?p=12025"},"modified":"2012-08-24T14:36:31","modified_gmt":"2012-08-24T18:36:31","slug":"decouvrez-le-jazz-dans-tous-ses-etats","status":"publish","type":"post","link":"https:\/\/www.tedpublications.com\/fr\/decouvrez-le-jazz-dans-tous-ses-etats\/","title":{"rendered":"<!--:fr-->D\u00e9couvrez le jazz dans tous ses \u00e9tats <!--:-->"},"content":{"rendered":"<p><!--:fr--><\/p>\n<p style=\"text-align: center;\"><a href=\"http:\/\/www.tedpublications.com\/fr\/actualite\/decouvrez-le-jazz-dans-tous-ses-etats\/attachment\/charm_of_old_new_orleans\/\" rel=\"attachment wp-att-12026\"><img loading=\"lazy\" decoding=\"async\" class=\"aligncenter size-full wp-image-12026\" style=\"border: 0px none;\" title=\"charm_of_old_new_orleans\" src=\"http:\/\/www.tedpublications.com\/fr\/wp-content\/uploads\/2012\/08\/charm_of_old_new_orleans.jpg\" alt=\"\" width=\"590\" height=\"371\" \/><\/a><\/p>\n<p><strong>Rimouski, le 24 ao\u00fbt 2012<\/strong> \u2013 Le Festi Jazz international de Rimouski est fier de vous pr\u00e9senter plusieurs nouveaut\u00e9s qui \u00a0agr\u00e9mentent l\u2019\u00e9v\u00e9nement cette ann\u00e9e. L\u2019aire de repos VOX ainsi que des activit\u00e9s interactives et \u00e9ducatives satisferont la curiosit\u00e9 des petits et des grands \u00e0 la Place Festi Jazz ainsi qu\u2019au Mus\u00e9e R\u00e9gional de Rimouski du 30 ao\u00fbt au 2 septembre.<\/p>\n<p><strong>La rel\u00e8ve en vedette<\/strong><br \/>\nLa rel\u00e8ve sera mise \u00e0 l\u2019honneur dans une s\u00e9rie de reportages portant sur les artistes de la Vitrine de sur la Rel\u00e8ve, pr\u00e9sent\u00e9e le vendredi et le samedi en formule 5 \u00e0 7 ainsi que sur les artistes de la s\u00e9rie \u00c9mergente. En effet, l\u2019\u00e9quipe de VOX accueillera les festivaliers \u00e0 son aire de repos, \u00a0afin de r\u00e9aliser des entrevues avec ces artistes en pr\u00e9sence du public. Soyez les bienvenues le samedi et le dimanche en apr\u00e8s-midi pour en conna\u00eetre davantage sur ces musiciens de talents de la r\u00e9gion. Ces capsules seront diffus\u00e9es sur le canal VOX apr\u00e8s le festival.<\/p>\n<p><strong>Danser dans la rue<\/strong><br \/>\nVendredi soir, d\u00e8s 20h, juste avant le spectacle de PLASTER, le public sera invit\u00e9 \u00e0 danser quelques mouvements simples de danse contemporaine \u00e0 l\u2019occasion d\u2019un bal moderne. Que vous soyez n\u00e9ophyte ou exp\u00e9riment\u00e9, des animatrices et un DJ vous entraineront \u00e0 danser des chor\u00e9graphies faciles et accessibles, sp\u00e9cialement compos\u00e9es pour l\u2019\u00e9v\u00e9nement.\u00a0 Venez danser en ch\u0153ur, sur des rythmes de jazz enlevants et participez au souffle de la cr\u00e9ation actuelle\u00a0! Une activit\u00e9 interactive et ludique tr\u00e8s surprenante \u00e0 ne pas manquer (en collaboration avec Spect\u2019Art Rimouski).<\/p>\n<p><strong>Jazz et brioches<\/strong><br \/>\nPr\u00e9c\u00e9d\u00e9 d\u2019un petit d\u00e9jeuner, venez d\u00e9couvrir \u00ab\u00a0la petite histoire du jazz\u00a0\u00bb lors d\u2019une pr\u00e9sentation didactique offerte au Mus\u00e9e R\u00e9gional de Rimouski le dimanche 2 septembre \u00e0 10h30. Apprenez entre autres, en compagnie de l&rsquo;Ensemble Alain Baril, les bases de cette musique n\u00e9e aux \u00c9tats-Unis au d\u00e9but du XXe si\u00e8cle. Des musiciens sur place vous r\u00e9v\u00e8leront leur univers \u00e0 leur fa\u00e7on. Cette activit\u00e9, en collaboration avec le Mus\u00e9e R\u00e9gional de Rimouski, est au co\u00fbt de 5$ et gratuit pour les moins de 12 ans et les \u00e9tudiants. Les places \u00e9tant limit\u00e9es, arrivez t\u00f4t\u00a0!<\/p>\n<p><strong>Gagnez un voyage<\/strong><br \/>\nRappelons que le Festi Jazz international de Rimouski vous offre la chance de gagner un magnifique voyage \u00e0 la Nouvelle-Orl\u00e9ans, berceau du jazz. Ce grand prix, d\u2019une valeur de 1 800$, est offert en collaboration avec Inter Voyage et comprend 4 jours, 3 nuit\u00e9es, les vols aller-retour sur Montr\u00e9al ainsi que la location d\u2019une voiture durant\u00a0le s\u00e9jour. Tout ce qu\u2019il faut pour d\u00e9couvrir <strong>Bourbon Street<\/strong>, l\u2019ambiance musicale et festive des nombreux bars, clubs de jazz et restaurants, le Mississipi et les nombreux autres attraits de la Louisiane. Les autres prix sont\u00a0: un syst\u00e8me de son DENON offert par Ameublements Tanguay, un forfait Festi Jazz de luxe (en collaboration avec le Groupe Navigateur) et l\u2019un des 5 passeports Jazz 2013. \u00a0Les billets sont disponibles d\u00e8s maintenant aupr\u00e8s des administrateurs du Festi Jazz, au bureau situ\u00e9 \u00e0 Rimouski au 148, de la Cath\u00e9drale, #3 ainsi qu\u2019au kiosque d\u2019information \u00e0 la Place Festi Jazz durant l\u2019\u00e9v\u00e9nement. Les quantit\u00e9s sont limit\u00e9es \u00e0 500 et le co\u00fbt est de 20$.<\/p>\n<p>Une foule d\u2019autres activit\u00e9s sp\u00e9ciales associ\u00e9es au Festi Jazz se d\u00e9rouleront tout au long du weekend comme des 5 \u00e0 7, de l\u2019animation pour la famille ou des jams sessions. Pour conna\u00eetre la programmation d\u00e9taill\u00e9e du festival, consultez le site web du Festi Jazz international de Rimouski au <strong><a href=\"http:\/\/www.festijazzrimouski.com\" target=\"_blank\">www.festijazzrimouski.com<\/a><\/strong>.<!--:--><\/p>\n","protected":false},"excerpt":{"rendered":"<p>Rimouski, le 24 ao\u00fbt 2012 \u2013 Le Festi Jazz international de Rimouski est fier de vous pr\u00e9senter plusieurs nouveaut\u00e9s qui \u00a0agr\u00e9mentent l\u2019\u00e9v\u00e9nement cette ann\u00e9e. L\u2019aire de repos VOX ainsi que des activit\u00e9s interactives et \u00e9ducatives satisferont la curiosit\u00e9 des petits et des grands \u00e0 la Place Festi Jazz ainsi qu\u2019au Mus\u00e9e R\u00e9gional de Rimouski du [&hellip;]<\/p>\n","protected":false},"author":1,"featured_media":0,"comment_status":"open","ping_status":"closed","sticky":false,"template":"","format":"standard","meta":{"footnotes":""},"categories":[39,53],"tags":[],"class_list":["post-12025","post","type-post","status-publish","format-standard","hentry","category-actualite","category-rythme-et-musique","entry"],"_links":{"self":[{"href":"https:\/\/www.tedpublications.com\/fr\/wp-json\/wp\/v2\/posts\/12025","targetHints":{"allow":["GET"]}}],"collection":[{"href":"https:\/\/www.tedpublications.com\/fr\/wp-json\/wp\/v2\/posts"}],"about":[{"href":"https:\/\/www.tedpublications.com\/fr\/wp-json\/wp\/v2\/types\/post"}],"author":[{"embeddable":true,"href":"https:\/\/www.tedpublications.com\/fr\/wp-json\/wp\/v2\/users\/1"}],"replies":[{"embeddable":true,"href":"https:\/\/www.tedpublications.com\/fr\/wp-json\/wp\/v2\/comments?post=12025"}],"version-history":[{"count":0,"href":"https:\/\/www.tedpublications.com\/fr\/wp-json\/wp\/v2\/posts\/12025\/revisions"}],"wp:attachment":[{"href":"https:\/\/www.tedpublications.com\/fr\/wp-json\/wp\/v2\/media?parent=12025"}],"wp:term":[{"taxonomy":"category","embeddable":true,"href":"https:\/\/www.tedpublications.com\/fr\/wp-json\/wp\/v2\/categories?post=12025"},{"taxonomy":"post_tag","embeddable":true,"href":"https:\/\/www.tedpublications.com\/fr\/wp-json\/wp\/v2\/tags?post=12025"}],"curies":[{"name":"wp","href":"https:\/\/api.w.org\/{rel}","templated":true}]}}