{"id":10873,"date":"2012-05-31T17:32:50","date_gmt":"2012-05-31T21:32:50","guid":{"rendered":"http:\/\/www.tedpublications.com\/fr\/?p=10873"},"modified":"2012-05-31T17:32:50","modified_gmt":"2012-05-31T21:32:50","slug":"eiffel-le-groupe-francais-debarque-a-montreal","status":"publish","type":"post","link":"https:\/\/www.tedpublications.com\/fr\/eiffel-le-groupe-francais-debarque-a-montreal\/","title":{"rendered":"<!--:fr-->EIFFEL le groupe fran\u00e7ais d\u00e9barque \u00e0 Montr\u00e9al&#8230;<!--:-->"},"content":{"rendered":"<p><!--:fr--><strong><br \/>\n&#8230; pour la premi\u00e8re fois dans le cadre des FrancoFolies!<\/strong><\/p>\n<p><strong>13 juin \u00e0 23h \u2013 Sc\u00e8ne Ford<\/strong><br \/>\n<strong> 14 juin \u00e0 23h \u2013 Les Katacombes<\/strong><\/p>\n<p><strong>Mai 2012<\/strong> \u2013 Pour la toute premi\u00e8re fois \u00e0 Montr\u00e9al, le groupe fran\u00e7ais <strong>Eiffel<\/strong> sera en spectacle sur la <strong>Sc\u00e8ne Ford le 13 juin<\/strong> et le lendemain aux <strong>Katacombes<\/strong>, dans le cadre des FrancoFolies. Le groupe y pr\u00e9sentera les pi\u00e8ces tir\u00e9es de <em>\u00c0 tout moment<\/em>, disque qui cumule 50 000 ventes en France, ainsi que des toutes nouvelles chansons de <em>Foule monstre<\/em>, le 5e album \u00e0 para\u00eetre en septembre prochain.<\/p>\n<p>E.I.F.F.E.L. c\u2019est six lettres qui racontent le parcours intransigeant accompli par un groupe passionn\u00e9 et insoumis, d\u00e9fiant les modes pour mieux revendiquer sa singularit\u00e9.<\/p>\n<p>Assumant pour le verbe tranchant l\u2019h\u00e9ritage de Ferr\u00e9 ou Brel (le groupe participa \u00e0 des tributes de ces deux artistes), les d\u00e9fis harmoniques propos\u00e9s par XTC ou les Beatles et l\u2019incandescence de Sonic Youth ou des Pixies (le nom du groupe est un clin d\u2019\u0153il \u00e0 Alec Eiffel, sur Trompe-Le-Monde, le plus francophile des albums des am\u00e9ricains), <strong>Eiffel<\/strong> a ainsi arpent\u00e9 les routes en France pour plus de 500 concerts depuis 1998. Entre temps, le leader du groupe, Romain Humeau, a \u00e9galement enregistr\u00e9 un album solo produit par Dominique A et arrang\u00e9 des cordes pour Noir D\u00e9sir ou les T\u00eates Raides\u2026<\/p>\n<p style=\"text-align: center;\"><a href=\"http:\/\/www.tedpublications.com\/fr\/actualite\/eiffel-le-groupe-francais-debarque-a-montreal\/attachment\/eiffel_groupe_2012_05\/\" rel=\"attachment wp-att-10874\"><img loading=\"lazy\" decoding=\"async\" class=\"aligncenter size-full wp-image-10874\" style=\"border: 0pt none;\" title=\"eiffel_groupe_2012_05\" src=\"http:\/\/www.tedpublications.com\/fr\/wp-content\/uploads\/2012\/05\/eiffel_groupe_2012_05.jpg\" alt=\"\" width=\"590\" height=\"375\" \/><\/a><\/p>\n<p>L\u2019album <em>\u00c0 tout moment<\/em> est disponible d\u00e8s maintenant sur les diff\u00e9rentes plates-formes de t\u00e9l\u00e9chargement. Comme d\u2019habitude il est arrang\u00e9, enregistr\u00e9 et mix\u00e9 par le leader d\u2019<strong>Eiffel<\/strong>, Romain Humeau, dans son studio, \u00e0 Bordeaux, pour jouir pleinement du confort de l\u2019ind\u00e9pendance de cette \u201centreprise familiale\u201d. Banjo, slides et violons viennent enrichir les bases pos\u00e9es par le quatuor et dessinent des contours \u00e9voquant les grands espaces et 16 Horsepower.<\/p>\n<p>Ami et voisin, Bertrand Cantat a particip\u00e9 au chant sur le 1er extrait de l\u2019album, <em>A tout moment la rue<\/em>, v\u00e9ritable hymne \u2013 repris en France lors des manifestations \u2013 qui est devenu le morceau f\u00e9tiche du groupe.<\/p>\n<p>En septembre sortira le prochain opus <em>Foule Monstre<\/em>, voyage sonore enthousiasmant o\u00f9 synth\u00e9s vintages et beats hip hop viennent se confronter aux guitares incisives et aux cordes insidieuses. \u00c0 suivre tr\u00e8s prochainement donc\u2026<\/p>\n<p><a title=\"Site officiel \" href=\"http:\/\/www.eiffelnews.com\" target=\"_blank\">Site officiel<\/a><!--:--><\/p>\n","protected":false},"excerpt":{"rendered":"<p>&#8230; pour la premi\u00e8re fois dans le cadre des FrancoFolies! 13 juin \u00e0 23h \u2013 Sc\u00e8ne Ford 14 juin \u00e0 23h \u2013 Les Katacombes Mai 2012 \u2013 Pour la toute premi\u00e8re fois \u00e0 Montr\u00e9al, le groupe fran\u00e7ais Eiffel sera en spectacle sur la Sc\u00e8ne Ford le 13 juin et le lendemain aux Katacombes, dans le [&hellip;]<\/p>\n","protected":false},"author":1,"featured_media":0,"comment_status":"open","ping_status":"closed","sticky":false,"template":"","format":"standard","meta":{"footnotes":""},"categories":[39,53],"tags":[],"class_list":["post-10873","post","type-post","status-publish","format-standard","hentry","category-actualite","category-rythme-et-musique","entry"],"_links":{"self":[{"href":"https:\/\/www.tedpublications.com\/fr\/wp-json\/wp\/v2\/posts\/10873","targetHints":{"allow":["GET"]}}],"collection":[{"href":"https:\/\/www.tedpublications.com\/fr\/wp-json\/wp\/v2\/posts"}],"about":[{"href":"https:\/\/www.tedpublications.com\/fr\/wp-json\/wp\/v2\/types\/post"}],"author":[{"embeddable":true,"href":"https:\/\/www.tedpublications.com\/fr\/wp-json\/wp\/v2\/users\/1"}],"replies":[{"embeddable":true,"href":"https:\/\/www.tedpublications.com\/fr\/wp-json\/wp\/v2\/comments?post=10873"}],"version-history":[{"count":0,"href":"https:\/\/www.tedpublications.com\/fr\/wp-json\/wp\/v2\/posts\/10873\/revisions"}],"wp:attachment":[{"href":"https:\/\/www.tedpublications.com\/fr\/wp-json\/wp\/v2\/media?parent=10873"}],"wp:term":[{"taxonomy":"category","embeddable":true,"href":"https:\/\/www.tedpublications.com\/fr\/wp-json\/wp\/v2\/categories?post=10873"},{"taxonomy":"post_tag","embeddable":true,"href":"https:\/\/www.tedpublications.com\/fr\/wp-json\/wp\/v2\/tags?post=10873"}],"curies":[{"name":"wp","href":"https:\/\/api.w.org\/{rel}","templated":true}]}}