{"id":10557,"date":"2012-05-17T10:39:25","date_gmt":"2012-05-17T14:39:25","guid":{"rendered":"http:\/\/www.tedpublications.com\/fr\/?p=10557"},"modified":"2014-09-30T09:16:31","modified_gmt":"2014-09-30T09:16:31","slug":"le-jerome-beaulieu-trio-en-tournee-dans-lest-du-quebec","status":"publish","type":"post","link":"https:\/\/www.tedpublications.com\/fr\/le-jerome-beaulieu-trio-en-tournee-dans-lest-du-quebec\/","title":{"rendered":"<!--:fr-->Le J\u00e9r\u00f4me Beaulieu trio en tourn\u00e9e dans l\u2019Est du Qu\u00e9bec<!--:-->"},"content":{"rendered":"<p><!--:fr--><strong>Rimouski, le 17 mai 2012 \u2013<\/strong> <strong>Le Festi Jazz International de Rimouski est fier<\/strong> <strong>d\u2019annoncer la venue du J\u00e9r\u00f4me Beaulieu Trio, gagnant du Grand Prix FestiJazz 2011, pour une tourn\u00e9e de quatre spectacles da ns la r\u00e9gion.<\/strong><\/p>\n<p>Quatre escales sont pr\u00e9vues pour le J\u00e9r\u00f4me Beaulieu Trio qui foulera d\u2019abord les planches de l\u2019Auberge Pub Chez Bass de Sainte-Anne-des-Monts le mercredi 30 mai \u00e0 20h00. Le trio poursuivra sa route en direction de la Microbrasserie La Captive d\u2019Amqui o\u00f9 il se produira le je udi 3 1 ma i \u00e0 20h00 \u00e0 l\u2019occasion d\u2019un souper-spectacle. Par la suite, le Parc de l\u2019aventure basque en Am\u00e9rique de Trois-Pistoles accueillera le groupe qui pr\u00e9sentera son spectacle \u00a0aussi en formule souper-spectacle, le 1er juin, \u00e0 compter de 20h30. Le J\u00e9r\u00f4me Beaulieu Trio conclura son passage dans la r\u00e9gion au Camp musical de Saint- Alexandre, \u00e0 l\u2019occasion de la Journ\u00e9e Portes-Ouvertes qui aura lieu le dimanche 3 juin d\u00e8s 13h30.<\/p>\n<p>Le Trio J\u00e9r\u00f4me Beaulieu pr\u00e9sente un jazz actuel \u00e0 saveur populaire, extraverti et enjou\u00e9 qui saura charmer tous les auditoires. Utilisant l&rsquo;\u00e9chantillonnage sonore pour agr\u00e9menter son r\u00e9pertoire musical diversifi\u00e9, le trio tente de faire connaitre la facette plus rythm\u00e9e et accessible du jazz, tant par les reprises de pi\u00e8ces issues du r\u00e9pertoire populaire d&rsquo;hier et d&rsquo;aujourd&rsquo;hui que par les compositions de son pianiste.<\/p>\n<p>Pour en d\u00e9couvrir davantage sur le J\u00e9r\u00f4me Beaulieu Trio, vous pouvez consulter le site web \u00e0 l\u2019adresse \u00a0<strong><a href=\"http:\/\/www.triojeromebeaulieu.com\/\" target=\"_blank\">www.triojeromebeaulieu.com<\/a><\/strong> Pour toute information sur les spectacles, vous pouvez contacter directement les lieux de diffusion mentionn\u00e9s pr\u00e9c\u00e9demment ou consulter le site web du Festi Jazz International de Rimouski \u00e0 l\u2019adresse <strong><a href=\"http:\/\/www.festijazzrimouski.com\/\" target=\"_blank\">www.festijazzrimouski.com<\/a><\/strong><\/p>\n<p>Rappelons que c\u2019est par le biais du projet \u00abVitrine sur la rel\u00e8ve\u00bb, instaur\u00e9 en 2011 par le Festi Jazz, que le J\u00e9r\u00f4me Beaulieu Trio s\u2019est m\u00e9rit\u00e9 le Grand Prix Festi Jazz 2011 lui offrant la possibilit\u00e9 de r\u00e9aliser une tourn\u00e9e de spectacles dans la r\u00e9gion. \u00abVitrine sur la rel\u00e8ve\u00bb est rendu possible gr\u00e2ce \u00e0 la collaboration du Conseil des arts et des lettres du Qu\u00e9bec, de la Conf\u00e9rence r\u00e9gionale des \u00c9lues, de la Ville de Rimouski et du Conseil de la culture du Bas- Saint-Laurent dans le cadre de l\u2019Entente de partenariat portant sur la valorisation et le renforcement de la pratique artistique professionnelle de la r\u00e9gion du Bas- Saint-Laurent.<\/p>\n<p>Le projet \u00abVitrine sur la rel\u00e8ve\u00bb se poursuivra en 2012 \u00e0 l\u2019occasion de la 27e\u00a0\u00e9dition du Festi Jazz International de Rimouski qui aura lieu du 30 ao\u00fbt au 2 septembre prochain. La programmation sera d\u2019ailleurs d\u00e9voil\u00e9e prochainement.<\/p>\n<p><strong><a href=\"http:\/\/www.festijazzrimouski.com\/\" target=\"_blank\">www.festijazzrimouski.com<br \/>\n<strong><\/strong><\/a><\/strong><strong><a href=\"http:\/\/www.triojeromebeaulieu.com\/\" target=\"_blank\">www.triojeromebeaulieu.com<\/a><\/strong><!--:--><\/p>\n","protected":false},"excerpt":{"rendered":"<p>Rimouski, le 17 mai 2012 \u2013 Le Festi Jazz International de Rimouski est fier d\u2019annoncer la venue du J\u00e9r\u00f4me Beaulieu Trio, gagnant du Grand Prix FestiJazz 2011, pour une tourn\u00e9e de quatre spectacles da ns la r\u00e9gion. Quatre escales sont pr\u00e9vues pour le J\u00e9r\u00f4me Beaulieu Trio qui foulera d\u2019abord les planches de l\u2019Auberge Pub Chez [&hellip;]<\/p>\n","protected":false},"author":1,"featured_media":20552,"comment_status":"open","ping_status":"closed","sticky":false,"template":"","format":"standard","meta":{"footnotes":""},"categories":[39,53],"tags":[],"class_list":["post-10557","post","type-post","status-publish","format-standard","has-post-thumbnail","hentry","category-actualite","category-rythme-et-musique","entry","has-media"],"_links":{"self":[{"href":"https:\/\/www.tedpublications.com\/fr\/wp-json\/wp\/v2\/posts\/10557","targetHints":{"allow":["GET"]}}],"collection":[{"href":"https:\/\/www.tedpublications.com\/fr\/wp-json\/wp\/v2\/posts"}],"about":[{"href":"https:\/\/www.tedpublications.com\/fr\/wp-json\/wp\/v2\/types\/post"}],"author":[{"embeddable":true,"href":"https:\/\/www.tedpublications.com\/fr\/wp-json\/wp\/v2\/users\/1"}],"replies":[{"embeddable":true,"href":"https:\/\/www.tedpublications.com\/fr\/wp-json\/wp\/v2\/comments?post=10557"}],"version-history":[{"count":0,"href":"https:\/\/www.tedpublications.com\/fr\/wp-json\/wp\/v2\/posts\/10557\/revisions"}],"wp:featuredmedia":[{"embeddable":true,"href":"https:\/\/www.tedpublications.com\/fr\/wp-json\/wp\/v2\/media\/20552"}],"wp:attachment":[{"href":"https:\/\/www.tedpublications.com\/fr\/wp-json\/wp\/v2\/media?parent=10557"}],"wp:term":[{"taxonomy":"category","embeddable":true,"href":"https:\/\/www.tedpublications.com\/fr\/wp-json\/wp\/v2\/categories?post=10557"},{"taxonomy":"post_tag","embeddable":true,"href":"https:\/\/www.tedpublications.com\/fr\/wp-json\/wp\/v2\/tags?post=10557"}],"curies":[{"name":"wp","href":"https:\/\/api.w.org\/{rel}","templated":true}]}}