{"id":1024,"date":"2009-02-11T04:00:52","date_gmt":"2009-02-11T04:00:52","guid":{"rendered":"http:\/\/www.tedpublications.com\/fr\/?p=1024"},"modified":"2009-02-11T04:00:52","modified_gmt":"2009-02-11T04:00:52","slug":"decouvrez-fidelio-et-le-nouvel-album-danne-bisson","status":"publish","type":"post","link":"https:\/\/www.tedpublications.com\/fr\/decouvrez-fidelio-et-le-nouvel-album-danne-bisson\/","title":{"rendered":"<!--:fr-->D\u00e9couvrez Fidelio et le nouvel album d&rsquo;Anne Bisson<!--:-->"},"content":{"rendered":"<p><!--:fr--><strong><em>Fidelio: une \u00e9tiquette \u00e9minemment \u00abaudiophile\u00bb<\/em><\/strong><br \/>\n<strong><em>pour les passionn\u00e9s de musique<\/em><\/strong><\/p>\n<p><em>(\u00c0 surveiller prochainement: <\/em><strong>Blue Mind <\/strong><em>d\u2019<\/em><strong><em>Anne Bisson)<\/em><\/strong><\/p>\n<p><strong>(Montr\u00e9al, 10 f\u00e9vrier 2009)<\/strong> &#8211; Les audiophiles, ces  obs\u00e9d\u00e9s du son et de la musique, gagnent du terrain!\u00a0 Aussi, le label  qu\u00e9b\u00e9cois Fidelio et son fondateur <strong>Ren\u00e9 Laflamme<\/strong> leur  proposent-ils des \u0153uvres de cr\u00e9ateurs et d\u2019interpr\u00e8tes talentueux, dans  un r\u00e9pertoire vari\u00e9, \u00e0 travers une qualit\u00e9 exceptionnelle  d\u2019enregistrement.\u00a0 Il en sera ainsi de\u00a0 l\u2019album <strong>Blue Mind<\/strong> d\u2019<em>Anne Bisson<\/em>,  une nouvelle venue sur la sc\u00e8ne musicale qu\u00e9b\u00e9coise et une artiste de  grand talent qui sera \u00e0 surveiller \u00e9troitement au cours des prochains  mois.<\/p>\n<p>La philosophie de <strong>Fidelio<\/strong> pourrait se r\u00e9sumer en  un mot : \u00ab musique \u00bb, avec tout ce que cela signifie au niveau du  respect de l\u2019artiste et de son \u0153uvre, et cela, de la prise de son au  produit final.\u00a0 Avec une vingtaine d\u2019albums d\u2019artistes peu connus \u00e0 son  catalogue, Fidelio se d\u00e9marque par son audace et son go\u00fbt du risque,  deux valeurs qui s\u2019imposent dans ce monde o\u00f9 l\u2019on pousse l\u2019exp\u00e9rience  sonore aux limites de ses possibilit\u00e9s. Plusieurs fois r\u00e9cipiendaire du  prix du <strong>meilleur disque audiophile de l\u2019ann\u00e9e<\/strong>, attribu\u00e9 par diverses revues nord-am\u00e9ricaines et\u00a0 internationales, tranquillement, <strong>Fidelio<\/strong> a commenc\u00e9 \u00e0 se faire remarquer \u00e0 l\u2019ext\u00e9rieur des fronti\u00e8res du Qu\u00e9bec.<\/p>\n<p>La pianiste et chanteuse <em>Anne Bisson<\/em> s\u2019est donc tourn\u00e9e vers cette maison de disques unique pour mettre sa carri\u00e8re sur les rails.\u00a0 Chez <strong>Fidelio<\/strong>,  d\u00e9j\u00e0, \u00e0 lapremi\u00e8re \u00e9coute on \u00e9tait convaincu : une force tranquille,  une intensit\u00e9 et une grande profondeur se d\u00e9gageaient de sa voix.\u00a0 Une  recrue id\u00e9ale pour <strong>Fidelio<\/strong> qui l\u2019a prise prise sous son aile.\u00a0 Son premier album <strong>Blue Mind<\/strong> est \u00e0 l\u2019image de la maison. Il s\u2019agit du fruit d\u2019un travail minutieux  et d\u2019une \u00e9troite collaboration avec l\u2019artiste. Le r\u00e9sultat : un produit  haut-de-gamme qui sera disponible tr\u00e8s bient\u00f4t en DC mais aussi, dans sa  version vinyle.<\/p>\n<p>Le mot vinyle : de quoi faire sourciller? Pour <strong>Fidelio<\/strong>,  le retour du vinyle \u00e9tait un incontournable. Pourtant, alors m\u00eame que  l\u2019\u00e8re du disque compact connaissait ses heures de gloire et que les  ventes affichaient des profits record chez les \u00ab majors \u00bb, les  audiophiles n\u2019en d\u00e9mordaient pas et poussaient la qu\u00eate de l\u2019objet rare,  parfois m\u00eame, jusqu\u2019aux confins de la plan\u00e8te.\u00a0 Aujourd\u2019hui, alors  qu\u2019Internet et le t\u00e9l\u00e9chargement ont modifi\u00e9 les habitudes de  consommation de la musique en un \u00ab fast food \u00bb sonore, certains  audiophiles sortent de l\u2019ombre pour annoncer haut et fort la mort du  disque compact et le retour en force du vinyle. Ils sont de plus en plus  nombreux \u00e0 chercher autre chose. Le fil conducteur? Deux capteurs  situ\u00e9s \u00e0 environ une vingtaine de centim\u00e8tres de distance l\u2019un de  l\u2019autre : nos oreilles. Pour les audiophiles, c\u2019est l\u2019audition humaine  qui dicte les r\u00e8gles \u00e0 suivre et non le march\u00e9. C\u2019est plus qu\u2019un gage de  qualit\u00e9, c\u2019est une fa\u00e7on de vivre une exp\u00e9rience ultime et intime avec  la musique!<\/p>\n<p>Il est vrai que les exigences des audiophiles fr\u00f4lent parfois  l\u2019obsession. La raison?\u00a0 La chaleur du son analogique, plus pr\u00e8s de la  r\u00e9alit\u00e9, plus fid\u00e8le \u00e0 l\u2019\u00e9motion pour que l\u2019immersion musicale de  l\u2019auditeur soit totale.\u00a0 Mais il n\u2019y a pas que cela : la pr\u00e9cieuse  pochette, l\u2019orgueil du collectionneur, fait de l\u2019album un objet unique !  Voil\u00e0 autant de valeurs ajout\u00e9es dans un march\u00e9 actuellement en d\u00e9clin.<\/p>\n<p>\u00c0 surveiller prochainement sous \u00e9tiquette <strong>Fidelio<\/strong>, <em><strong>BLUE MIND<\/strong><\/em> d\u2019Anne Bisson<br \/>\n<a href=\"http:\/\/www.fidelioaudio.com\/prod\/index.php?lng=an\" target=\"_blank\"> http:\/\/www.fidelioaudio.com\/prod\/index.php?lng=an<\/a><!--:--><\/p>\n","protected":false},"excerpt":{"rendered":"<p>Fidelio: une \u00e9tiquette \u00e9minemment \u00abaudiophile\u00bb pour les passionn\u00e9s de musique (\u00c0 surveiller prochainement: Blue Mind d\u2019Anne Bisson) (Montr\u00e9al, 10 f\u00e9vrier 2009) &#8211; Les audiophiles, ces obs\u00e9d\u00e9s du son et de la musique, gagnent du terrain!\u00a0 Aussi, le label qu\u00e9b\u00e9cois Fidelio et son fondateur Ren\u00e9 Laflamme leur proposent-ils des \u0153uvres de cr\u00e9ateurs et d\u2019interpr\u00e8tes talentueux, dans [&hellip;]<\/p>\n","protected":false},"author":1,"featured_media":0,"comment_status":"open","ping_status":"closed","sticky":false,"template":"","format":"standard","meta":{"footnotes":""},"categories":[39],"tags":[],"class_list":["post-1024","post","type-post","status-publish","format-standard","hentry","category-actualite","entry"],"_links":{"self":[{"href":"https:\/\/www.tedpublications.com\/fr\/wp-json\/wp\/v2\/posts\/1024","targetHints":{"allow":["GET"]}}],"collection":[{"href":"https:\/\/www.tedpublications.com\/fr\/wp-json\/wp\/v2\/posts"}],"about":[{"href":"https:\/\/www.tedpublications.com\/fr\/wp-json\/wp\/v2\/types\/post"}],"author":[{"embeddable":true,"href":"https:\/\/www.tedpublications.com\/fr\/wp-json\/wp\/v2\/users\/1"}],"replies":[{"embeddable":true,"href":"https:\/\/www.tedpublications.com\/fr\/wp-json\/wp\/v2\/comments?post=1024"}],"version-history":[{"count":0,"href":"https:\/\/www.tedpublications.com\/fr\/wp-json\/wp\/v2\/posts\/1024\/revisions"}],"wp:attachment":[{"href":"https:\/\/www.tedpublications.com\/fr\/wp-json\/wp\/v2\/media?parent=1024"}],"wp:term":[{"taxonomy":"category","embeddable":true,"href":"https:\/\/www.tedpublications.com\/fr\/wp-json\/wp\/v2\/categories?post=1024"},{"taxonomy":"post_tag","embeddable":true,"href":"https:\/\/www.tedpublications.com\/fr\/wp-json\/wp\/v2\/tags?post=1024"}],"curies":[{"name":"wp","href":"https:\/\/api.w.org\/{rel}","templated":true}]}}